{"id":28,"date":"2018-03-07T14:05:50","date_gmt":"2018-03-07T14:05:50","guid":{"rendered":"http:\/\/laatuheina.com\/?p=28"},"modified":"2018-06-28T10:18:50","modified_gmt":"2018-06-28T10:18:50","slug":"heinarenkaan-vuosikokous-8-3-2018","status":"publish","type":"post","link":"https:\/\/laatuheina.com\/?p=28","title":{"rendered":"Hein\u00e4renkaan vuosikokous 8.3.2018"},"content":{"rendered":"<p><a href=\"http:\/\/laatuheina.com\/wp-content\/uploads\/2018\/03\/mela2.jpg\"><img loading=\"lazy\" decoding=\"async\" class=\"size-medium wp-image-94 alignleft\" src=\"http:\/\/laatuheina.com\/wp-content\/uploads\/2018\/03\/mela2-300x225.jpg\" alt=\"\" width=\"300\" height=\"225\" srcset=\"https:\/\/laatuheina.com\/wp-content\/uploads\/2018\/03\/mela2-300x225.jpg 300w, https:\/\/laatuheina.com\/wp-content\/uploads\/2018\/03\/mela2-768x576.jpg 768w, https:\/\/laatuheina.com\/wp-content\/uploads\/2018\/03\/mela2-1024x768.jpg 1024w\" sizes=\"auto, (max-width: 300px) 100vw, 300px\" \/><\/a>Hein\u00e4renkaan vuosikokous 8.3.2018 MELA:n tiloissa Espoossa.<br \/>\nSaimme paljon ajatuksia ja ty\u00f6kaluja tulevia haasteita varten edellisen, tavallista hankalamman korjuukauden j\u00e4lkeen nyt valmistuessamme ensi kes\u00e4n koitoksiin. Kiitos MELAlle hienoista esityksist\u00e4, maukkaasta lounaasta ja hyvist\u00e4 kokoustiloista. Vuosikokous sujui n\u00e4ill\u00e4 ev\u00e4in erinomaisesti.\u00a0<a href=\"http:\/\/laatuheina.com\/wp-content\/uploads\/2018\/03\/mela.jpg\"><img loading=\"lazy\" decoding=\"async\" class=\"alignnone size-medium wp-image-99\" src=\"http:\/\/laatuheina.com\/wp-content\/uploads\/2018\/03\/mela-300x225.jpg\" alt=\"\" width=\"300\" height=\"225\" srcset=\"https:\/\/laatuheina.com\/wp-content\/uploads\/2018\/03\/mela-300x225.jpg 300w, https:\/\/laatuheina.com\/wp-content\/uploads\/2018\/03\/mela-768x576.jpg 768w, https:\/\/laatuheina.com\/wp-content\/uploads\/2018\/03\/mela-1024x768.jpg 1024w\" sizes=\"auto, (max-width: 300px) 100vw, 300px\" \/><\/a><\/p>\n","protected":false},"excerpt":{"rendered":"<p>Hein\u00e4renkaan vuosikokous 8.3.2018 MELA:n tiloissa Espoossa. Saimme paljon ajatuksia ja ty\u00f6kaluja tulevia haasteita varten edellisen, tavallista hankalamman korjuukauden j\u00e4lkeen nyt valmistuessamme ensi kes\u00e4n koitoksiin. Kiitos MELAlle hienoista esityksist\u00e4, maukkaasta lounaasta ja hyvist\u00e4 kokoustiloista. Vuosikokous sujui n\u00e4ill\u00e4 ev\u00e4in erinomaisesti.\u00a0<\/p>\n","protected":false},"author":1,"featured_media":0,"comment_status":"open","ping_status":"open","sticky":false,"template":"","format":"image","meta":{"footnotes":""},"categories":[24],"tags":[],"class_list":["post-28","post","type-post","status-publish","format-image","hentry","category-yhdistys","post_format-post-format-image"],"_links":{"self":[{"href":"https:\/\/laatuheina.com\/index.php?rest_route=\/wp\/v2\/posts\/28","targetHints":{"allow":["GET"]}}],"collection":[{"href":"https:\/\/laatuheina.com\/index.php?rest_route=\/wp\/v2\/posts"}],"about":[{"href":"https:\/\/laatuheina.com\/index.php?rest_route=\/wp\/v2\/types\/post"}],"author":[{"embeddable":true,"href":"https:\/\/laatuheina.com\/index.php?rest_route=\/wp\/v2\/users\/1"}],"replies":[{"embeddable":true,"href":"https:\/\/laatuheina.com\/index.php?rest_route=%2Fwp%2Fv2%2Fcomments&post=28"}],"version-history":[{"count":6,"href":"https:\/\/laatuheina.com\/index.php?rest_route=\/wp\/v2\/posts\/28\/revisions"}],"predecessor-version":[{"id":100,"href":"https:\/\/laatuheina.com\/index.php?rest_route=\/wp\/v2\/posts\/28\/revisions\/100"}],"wp:attachment":[{"href":"https:\/\/laatuheina.com\/index.php?rest_route=%2Fwp%2Fv2%2Fmedia&parent=28"}],"wp:term":[{"taxonomy":"category","embeddable":true,"href":"https:\/\/laatuheina.com\/index.php?rest_route=%2Fwp%2Fv2%2Fcategories&post=28"},{"taxonomy":"post_tag","embeddable":true,"href":"https:\/\/laatuheina.com\/index.php?rest_route=%2Fwp%2Fv2%2Ftags&post=28"}],"curies":[{"name":"wp","href":"https:\/\/api.w.org\/{rel}","templated":true}]}}