{"id":196,"date":"2018-07-21T09:03:58","date_gmt":"2018-07-21T09:03:58","guid":{"rendered":"http:\/\/laatuheina.com\/?p=196"},"modified":"2018-07-21T09:10:42","modified_gmt":"2018-07-21T09:10:42","slug":"pellonpiennarpaiva-mellilassa-pollen-paali-oy","status":"publish","type":"post","link":"https:\/\/laatuheina.com\/?p=196","title":{"rendered":"Pellonpiennarp\u00e4iv\u00e4 Mellil\u00e4ss\u00e4 \/ Pollen Paali Oy"},"content":{"rendered":"<p>Parisenkymment\u00e4 renkaan j\u00e4sent\u00e4 kokoontui perjantaina 20.7.2018 Mellil\u00e4\u00e4n katsastamaan kasvustoja ja pohtimaan rehuntuotannon tilannetta nyt ennen toisen sadon korjuun alkua. Pollen Paali Oy \/ Anja Kuusela tarjosi maukkaat retkiev\u00e4\u00e4t kotoisasti paalin p\u00e4\u00e4lt\u00e4 tarjoiltuna, kiit\u00e4mme, makoisia s\u00e4mpyl\u00f6it\u00e4 ja pullaa !<\/p>\n<p><a href=\"http:\/\/laatuheina.com\/wp-content\/uploads\/2018\/07\/IMG_0341.jpg\"><img loading=\"lazy\" decoding=\"async\" class=\"alignnone size-large wp-image-199\" src=\"http:\/\/laatuheina.com\/wp-content\/uploads\/2018\/07\/IMG_0341-1024x768.jpg\" alt=\"\" width=\"525\" height=\"394\" srcset=\"https:\/\/laatuheina.com\/wp-content\/uploads\/2018\/07\/IMG_0341-1024x768.jpg 1024w, https:\/\/laatuheina.com\/wp-content\/uploads\/2018\/07\/IMG_0341-300x225.jpg 300w, https:\/\/laatuheina.com\/wp-content\/uploads\/2018\/07\/IMG_0341-768x576.jpg 768w, https:\/\/laatuheina.com\/wp-content\/uploads\/2018\/07\/IMG_0341.jpg 2048w\" sizes=\"auto, (max-width: 525px) 100vw, 525px\" \/><\/a><\/p>\n<p>Tutustuimme Kuuselan tilan tuotantoon ja koneisiin, paikalla oli kone-extrana viel\u00e4\u00a0\u00a0NHK-keskuksesta\u00a0 6,5m Kuhn nostolaitekarhotin 8,7m p\u00f6yhin sek\u00e4 JCB Fastrac esittelij\u00f6ineen.<\/p>\n<p><a href=\"http:\/\/laatuheina.com\/wp-content\/uploads\/2018\/07\/IMG_0353.jpg\"><img loading=\"lazy\" decoding=\"async\" class=\"alignnone size-large wp-image-202\" src=\"http:\/\/laatuheina.com\/wp-content\/uploads\/2018\/07\/IMG_0353-1024x768.jpg\" alt=\"\" width=\"525\" height=\"394\" srcset=\"https:\/\/laatuheina.com\/wp-content\/uploads\/2018\/07\/IMG_0353-1024x768.jpg 1024w, https:\/\/laatuheina.com\/wp-content\/uploads\/2018\/07\/IMG_0353-300x225.jpg 300w, https:\/\/laatuheina.com\/wp-content\/uploads\/2018\/07\/IMG_0353-768x576.jpg 768w, https:\/\/laatuheina.com\/wp-content\/uploads\/2018\/07\/IMG_0353.jpg 2048w\" sizes=\"auto, (max-width: 525px) 100vw, 525px\" \/><\/a><\/p>\n<p>Tilan maahantuomista koneista n\u00e4htiin Arcusin paalinkeruulaitteet, sek\u00e4 pikkupaalien keruuseen ja niputukseen sek\u00e4 isojen kanttipaalien keruuseen pellolta olevat laitteet. Kuusela my\u00f6skin tuo ko. koneita maahan.<\/p>\n<p><a href=\"http:\/\/laatuheina.com\/wp-content\/uploads\/2018\/07\/IMG_0339.jpg\"><img loading=\"lazy\" decoding=\"async\" class=\"alignnone size-large wp-image-200\" src=\"http:\/\/laatuheina.com\/wp-content\/uploads\/2018\/07\/IMG_0339-1024x768.jpg\" alt=\"\" width=\"525\" height=\"394\" srcset=\"https:\/\/laatuheina.com\/wp-content\/uploads\/2018\/07\/IMG_0339-1024x768.jpg 1024w, https:\/\/laatuheina.com\/wp-content\/uploads\/2018\/07\/IMG_0339-300x225.jpg 300w, https:\/\/laatuheina.com\/wp-content\/uploads\/2018\/07\/IMG_0339-768x576.jpg 768w, https:\/\/laatuheina.com\/wp-content\/uploads\/2018\/07\/IMG_0339.jpg 2048w\" sizes=\"auto, (max-width: 525px) 100vw, 525px\" \/><\/a><\/p>\n<p><a href=\"http:\/\/laatuheina.com\/wp-content\/uploads\/2018\/07\/IMG_0346.jpg\"><img loading=\"lazy\" decoding=\"async\" class=\"alignnone size-large wp-image-201\" src=\"http:\/\/laatuheina.com\/wp-content\/uploads\/2018\/07\/IMG_0346-1024x768.jpg\" alt=\"\" width=\"525\" height=\"394\" srcset=\"https:\/\/laatuheina.com\/wp-content\/uploads\/2018\/07\/IMG_0346-1024x768.jpg 1024w, https:\/\/laatuheina.com\/wp-content\/uploads\/2018\/07\/IMG_0346-300x225.jpg 300w, https:\/\/laatuheina.com\/wp-content\/uploads\/2018\/07\/IMG_0346-768x576.jpg 768w, https:\/\/laatuheina.com\/wp-content\/uploads\/2018\/07\/IMG_0346.jpg 2048w\" sizes=\"auto, (max-width: 525px) 100vw, 525px\" \/><\/a><\/p>\n<p>Paikallaolijat olivat tuoneet mukanaan hein\u00e4n kosteusmittareita. Oli hyv\u00e4 vertailla lukemia kesken\u00e4\u00e4n, jos oli isompaa poikkeamaa, laitteen kalibrointi tai huolto oli paikallaan. Kosteusmittarit ovat t\u00e4rkeit\u00e4 apuv\u00e4lineit\u00e4 etenkin kuivahein\u00e4n tuotannossa ja niihin pit\u00e4\u00e4 pysty\u00e4 luottamaan sill\u00e4 v\u00e4\u00e4r\u00e4 mittaustulos voi johtaa hein\u00e4n pilaantumiseen.<\/p>\n<p><a href=\"http:\/\/laatuheina.com\/wp-content\/uploads\/2018\/07\/IMG_0343.jpg\"><img loading=\"lazy\" decoding=\"async\" class=\"alignnone size-large wp-image-203\" src=\"http:\/\/laatuheina.com\/wp-content\/uploads\/2018\/07\/IMG_0343-768x1024.jpg\" alt=\"\" width=\"525\" height=\"700\" srcset=\"https:\/\/laatuheina.com\/wp-content\/uploads\/2018\/07\/IMG_0343-768x1024.jpg 768w, https:\/\/laatuheina.com\/wp-content\/uploads\/2018\/07\/IMG_0343-225x300.jpg 225w, https:\/\/laatuheina.com\/wp-content\/uploads\/2018\/07\/IMG_0343.jpg 1536w\" sizes=\"auto, (max-width: 525px) 100vw, 525px\" \/><\/a> <a href=\"http:\/\/laatuheina.com\/wp-content\/uploads\/2018\/07\/IMG_0344.jpg\"><img loading=\"lazy\" decoding=\"async\" class=\"alignnone size-large wp-image-204\" src=\"http:\/\/laatuheina.com\/wp-content\/uploads\/2018\/07\/IMG_0344-768x1024.jpg\" alt=\"\" width=\"525\" height=\"700\" srcset=\"https:\/\/laatuheina.com\/wp-content\/uploads\/2018\/07\/IMG_0344-768x1024.jpg 768w, https:\/\/laatuheina.com\/wp-content\/uploads\/2018\/07\/IMG_0344-225x300.jpg 225w, https:\/\/laatuheina.com\/wp-content\/uploads\/2018\/07\/IMG_0344.jpg 1536w\" sizes=\"auto, (max-width: 525px) 100vw, 525px\" \/><\/a><\/p>\n<p>Koko kes\u00e4 on ollut kuiva, mutta t\u00e4n\u00e4\u00e4n satoi. Kukaan ei moittinut tilannetta vaan lis\u00e4\u00e4kin toivottiin sill\u00e4 my\u00f6s Kuuselan tilalla oli ensimm\u00e4inen sato j\u00e4\u00e4nyt poikkeuksellisen pieneksi. Huolestuttavinta oli ett\u00e4 osa poutivimmista pelloista oli kuivunut ensimm\u00e4isen sadon j\u00e4lkeen &#8221;pystyyn&#8221;. Tilan nuori is\u00e4nt\u00e4 Aku nappasi paalik\u00e4rryt traktorin per\u00e4\u00e4n ja l\u00e4hdimme kasvustokierrokselle, sadekin oli taas lakannut.<a href=\"http:\/\/laatuheina.com\/wp-content\/uploads\/2018\/07\/IMG_0370.jpg\"><img loading=\"lazy\" decoding=\"async\" class=\"alignnone size-large wp-image-206\" src=\"http:\/\/laatuheina.com\/wp-content\/uploads\/2018\/07\/IMG_0370-1024x768.jpg\" alt=\"\" width=\"525\" height=\"394\" srcset=\"https:\/\/laatuheina.com\/wp-content\/uploads\/2018\/07\/IMG_0370-1024x768.jpg 1024w, https:\/\/laatuheina.com\/wp-content\/uploads\/2018\/07\/IMG_0370-300x225.jpg 300w, https:\/\/laatuheina.com\/wp-content\/uploads\/2018\/07\/IMG_0370-768x576.jpg 768w\" sizes=\"auto, (max-width: 525px) 100vw, 525px\" \/><\/a><\/p>\n<p><a href=\"http:\/\/laatuheina.com\/wp-content\/uploads\/2018\/07\/IMG_0369.jpg\"><img loading=\"lazy\" decoding=\"async\" class=\"alignnone size-large wp-image-205\" src=\"http:\/\/laatuheina.com\/wp-content\/uploads\/2018\/07\/IMG_0369-1024x768.jpg\" alt=\"\" width=\"525\" height=\"394\" srcset=\"https:\/\/laatuheina.com\/wp-content\/uploads\/2018\/07\/IMG_0369-1024x768.jpg 1024w, https:\/\/laatuheina.com\/wp-content\/uploads\/2018\/07\/IMG_0369-300x225.jpg 300w, https:\/\/laatuheina.com\/wp-content\/uploads\/2018\/07\/IMG_0369-768x576.jpg 768w\" sizes=\"auto, (max-width: 525px) 100vw, 525px\" \/><\/a><\/p>\n<p>Kasvustojen tila oli todellakin aika lohduton. Ensimm\u00e4inen sato oli tehty kes\u00e4kuun alussa, mutta vaikka pelto oli lannoitettu hyvin, ei satoa vain ole tullut. Hein\u00e4 on 10-15cm korkeaa ja ruskettuu, t\u00e4h\u00e4n ei en\u00e4\u00e4 sadekkaan auta. Tilan v\u00e4ki pohtii mit\u00e4 tehd\u00e4, niitet\u00e4\u00e4nk\u00f6 pois ja toivottaisi &#8221;kolmatta&#8221; satoa ? Tilanne on niin poikkeuksellinen ettei kell\u00e4\u00e4n ollut oikein kokemusta vastaavasta, yleens\u00e4 nurmi korjaa tilanteensa jos ravinteita on ja vett\u00e4 saadaan.<br \/>\n<a href=\"http:\/\/laatuheina.com\/wp-content\/uploads\/2018\/07\/IMG_0360.jpg\"><img loading=\"lazy\" decoding=\"async\" class=\"alignnone size-large wp-image-207\" src=\"http:\/\/laatuheina.com\/wp-content\/uploads\/2018\/07\/IMG_0360-1024x768.jpg\" alt=\"\" width=\"525\" height=\"394\" srcset=\"https:\/\/laatuheina.com\/wp-content\/uploads\/2018\/07\/IMG_0360-1024x768.jpg 1024w, https:\/\/laatuheina.com\/wp-content\/uploads\/2018\/07\/IMG_0360-300x225.jpg 300w, https:\/\/laatuheina.com\/wp-content\/uploads\/2018\/07\/IMG_0360-768x576.jpg 768w, https:\/\/laatuheina.com\/wp-content\/uploads\/2018\/07\/IMG_0360.jpg 2048w\" sizes=\"auto, (max-width: 525px) 100vw, 525px\" \/><\/a> <a href=\"http:\/\/laatuheina.com\/wp-content\/uploads\/2018\/07\/IMG_0365.jpg\"><img loading=\"lazy\" decoding=\"async\" class=\"alignnone size-large wp-image-208\" src=\"http:\/\/laatuheina.com\/wp-content\/uploads\/2018\/07\/IMG_0365-1024x768.jpg\" alt=\"\" width=\"525\" height=\"394\" srcset=\"https:\/\/laatuheina.com\/wp-content\/uploads\/2018\/07\/IMG_0365-1024x768.jpg 1024w, https:\/\/laatuheina.com\/wp-content\/uploads\/2018\/07\/IMG_0365-300x225.jpg 300w, https:\/\/laatuheina.com\/wp-content\/uploads\/2018\/07\/IMG_0365-768x576.jpg 768w\" sizes=\"auto, (max-width: 525px) 100vw, 525px\" \/><\/a><\/p>\n<p>Kasvustokierroksella vierailimme my\u00f6s tilan et\u00e4\u00e4mm\u00e4ll\u00e4 olevassa kuivurissa joka oli tehty vanhaan karjarakennukseen. Ontelolaatoista tehty lattia on p\u00e4\u00e4lleajettava.<\/p>\n<p><a href=\"http:\/\/laatuheina.com\/wp-content\/uploads\/2018\/07\/IMG_0373.jpg\"><img loading=\"lazy\" decoding=\"async\" class=\"alignnone size-large wp-image-209\" src=\"http:\/\/laatuheina.com\/wp-content\/uploads\/2018\/07\/IMG_0373-1024x768.jpg\" alt=\"\" width=\"525\" height=\"394\" srcset=\"https:\/\/laatuheina.com\/wp-content\/uploads\/2018\/07\/IMG_0373-1024x768.jpg 1024w, https:\/\/laatuheina.com\/wp-content\/uploads\/2018\/07\/IMG_0373-300x225.jpg 300w, https:\/\/laatuheina.com\/wp-content\/uploads\/2018\/07\/IMG_0373-768x576.jpg 768w, https:\/\/laatuheina.com\/wp-content\/uploads\/2018\/07\/IMG_0373.jpg 2048w\" sizes=\"auto, (max-width: 525px) 100vw, 525px\" \/><\/a> <a href=\"http:\/\/laatuheina.com\/wp-content\/uploads\/2018\/07\/IMG_0374.jpg\"><img loading=\"lazy\" decoding=\"async\" class=\"alignnone size-large wp-image-210\" src=\"http:\/\/laatuheina.com\/wp-content\/uploads\/2018\/07\/IMG_0374-768x1024.jpg\" alt=\"\" width=\"525\" height=\"700\" srcset=\"https:\/\/laatuheina.com\/wp-content\/uploads\/2018\/07\/IMG_0374-768x1024.jpg 768w, https:\/\/laatuheina.com\/wp-content\/uploads\/2018\/07\/IMG_0374-225x300.jpg 225w, https:\/\/laatuheina.com\/wp-content\/uploads\/2018\/07\/IMG_0374.jpg 1536w\" sizes=\"auto, (max-width: 525px) 100vw, 525px\" \/><\/a> <a href=\"http:\/\/laatuheina.com\/wp-content\/uploads\/2018\/07\/IMG_0379.jpg\"><img loading=\"lazy\" decoding=\"async\" class=\"alignnone size-large wp-image-211\" src=\"http:\/\/laatuheina.com\/wp-content\/uploads\/2018\/07\/IMG_0379-1024x767.jpg\" alt=\"\" width=\"525\" height=\"393\" srcset=\"https:\/\/laatuheina.com\/wp-content\/uploads\/2018\/07\/IMG_0379-1024x767.jpg 1024w, https:\/\/laatuheina.com\/wp-content\/uploads\/2018\/07\/IMG_0379-300x225.jpg 300w, https:\/\/laatuheina.com\/wp-content\/uploads\/2018\/07\/IMG_0379-768x575.jpg 768w\" sizes=\"auto, (max-width: 525px) 100vw, 525px\" \/><\/a><\/p>\n<p>Kaiken kaikkiaan ei kasvustot olleet niin k\u00e4rsineit\u00e4 kuin n\u00e4m\u00e4 pahimmat mit\u00e4 k\u00e4ytiin katsomassa. Tilalla korjattu hein\u00e4 n\u00e4ytti eritt\u00e4in hyv\u00e4lt\u00e4 ja s\u00e4il\u00f6\u00e4kin oli saatu sent\u00e4\u00e4n melkoinen kasa korjattua. Mutta valitettavasti ei siis tarpeeksi, mik\u00e4 huolestutti tietenkin tilan v\u00e4ke\u00e4. Sopimuksista voidaaan joutua tinkim\u00e4\u00e4n, mik\u00e4 on valitettavaa niin tuottajan kuin ostajankin puolelta. Pollen paalin asiakkaat saavat kuitenkin olla tyytyv\u00e4isi\u00e4, se mit\u00e4 saadaan p\u00e4\u00e4tyy taatusti sopimusasiakkaiden luo ja tilan v\u00e4ki on tehnyt t\u00f6it\u00e4 l\u00f6yt\u00e4\u00e4kseen korvaavia kasvustoja korjatakseen tilannetta niin paljon kuin suinkin.<\/p>\n<p><a href=\"http:\/\/laatuheina.com\/wp-content\/uploads\/2018\/07\/IMG_0349.jpg\"><img loading=\"lazy\" decoding=\"async\" class=\"alignnone size-large wp-image-215\" src=\"http:\/\/laatuheina.com\/wp-content\/uploads\/2018\/07\/IMG_0349-1024x768.jpg\" alt=\"\" width=\"525\" height=\"394\" srcset=\"https:\/\/laatuheina.com\/wp-content\/uploads\/2018\/07\/IMG_0349-1024x768.jpg 1024w, https:\/\/laatuheina.com\/wp-content\/uploads\/2018\/07\/IMG_0349-300x225.jpg 300w, https:\/\/laatuheina.com\/wp-content\/uploads\/2018\/07\/IMG_0349-768x576.jpg 768w, https:\/\/laatuheina.com\/wp-content\/uploads\/2018\/07\/IMG_0349.jpg 2048w\" sizes=\"auto, (max-width: 525px) 100vw, 525px\" \/><\/a> <a href=\"http:\/\/laatuheina.com\/wp-content\/uploads\/2018\/07\/IMG_0350.jpg\"><img loading=\"lazy\" decoding=\"async\" class=\"alignnone size-large wp-image-216\" src=\"http:\/\/laatuheina.com\/wp-content\/uploads\/2018\/07\/IMG_0350-1024x768.jpg\" alt=\"\" width=\"525\" height=\"394\" srcset=\"https:\/\/laatuheina.com\/wp-content\/uploads\/2018\/07\/IMG_0350-1024x768.jpg 1024w, https:\/\/laatuheina.com\/wp-content\/uploads\/2018\/07\/IMG_0350-300x225.jpg 300w, https:\/\/laatuheina.com\/wp-content\/uploads\/2018\/07\/IMG_0350-768x576.jpg 768w, https:\/\/laatuheina.com\/wp-content\/uploads\/2018\/07\/IMG_0350.jpg 2048w\" sizes=\"auto, (max-width: 525px) 100vw, 525px\" \/><\/a><\/p>\n<p>T\u00e4m\u00e4n edistyksekk\u00e4\u00e4n ja upean tilan tuotantoon voi tutustua kotisivujenkin kautta <a href=\"http:\/\/www.pollenpaali.fi\">www.pollenpaali.fi<\/a><\/p>\n<p>Hein\u00e4renkaan v\u00e4ki kiitt\u00e4\u00e4 viel\u00e4 kerran hienosta ja mielenkiintoisesta p\u00e4iv\u00e4st\u00e4 !!<\/p>\n<p>&nbsp;<\/p>\n","protected":false},"excerpt":{"rendered":"<p>Parisenkymment\u00e4 renkaan j\u00e4sent\u00e4 kokoontui perjantaina 20.7.2018 Mellil\u00e4\u00e4n katsastamaan kasvustoja ja pohtimaan rehuntuotannon tilannetta nyt ennen toisen sadon korjuun alkua. Pollen Paali Oy \/ Anja Kuusela tarjosi maukkaat retkiev\u00e4\u00e4t kotoisasti paalin p\u00e4\u00e4lt\u00e4 tarjoiltuna, kiit\u00e4mme, makoisia s\u00e4mpyl\u00f6it\u00e4 ja pullaa ! Tutustuimme Kuuselan tilan tuotantoon ja koneisiin, paikalla oli kone-extrana viel\u00e4\u00a0\u00a0NHK-keskuksesta\u00a0 6,5m Kuhn nostolaitekarhotin 8,7m p\u00f6yhin sek\u00e4 JCB &hellip; <\/p>\n<p class=\"link-more\"><a href=\"https:\/\/laatuheina.com\/?p=196\" class=\"more-link\">Jatka lukemista<span class=\"screen-reader-text\"> &#8221;Pellonpiennarp\u00e4iv\u00e4 Mellil\u00e4ss\u00e4 \/ Pollen Paali Oy&#8221;<\/span><\/a><\/p>\n","protected":false},"author":1,"featured_media":0,"comment_status":"open","ping_status":"open","sticky":false,"template":"","format":"standard","meta":{"footnotes":""},"categories":[22,28,27],"tags":[],"class_list":["post-196","post","type-post","status-publish","format-standard","hentry","category-heinakoneet","category-heinapula","category-pellonpiennar"],"_links":{"self":[{"href":"https:\/\/laatuheina.com\/index.php?rest_route=\/wp\/v2\/posts\/196","targetHints":{"allow":["GET"]}}],"collection":[{"href":"https:\/\/laatuheina.com\/index.php?rest_route=\/wp\/v2\/posts"}],"about":[{"href":"https:\/\/laatuheina.com\/index.php?rest_route=\/wp\/v2\/types\/post"}],"author":[{"embeddable":true,"href":"https:\/\/laatuheina.com\/index.php?rest_route=\/wp\/v2\/users\/1"}],"replies":[{"embeddable":true,"href":"https:\/\/laatuheina.com\/index.php?rest_route=%2Fwp%2Fv2%2Fcomments&post=196"}],"version-history":[{"count":6,"href":"https:\/\/laatuheina.com\/index.php?rest_route=\/wp\/v2\/posts\/196\/revisions"}],"predecessor-version":[{"id":218,"href":"https:\/\/laatuheina.com\/index.php?rest_route=\/wp\/v2\/posts\/196\/revisions\/218"}],"wp:attachment":[{"href":"https:\/\/laatuheina.com\/index.php?rest_route=%2Fwp%2Fv2%2Fmedia&parent=196"}],"wp:term":[{"taxonomy":"category","embeddable":true,"href":"https:\/\/laatuheina.com\/index.php?rest_route=%2Fwp%2Fv2%2Fcategories&post=196"},{"taxonomy":"post_tag","embeddable":true,"href":"https:\/\/laatuheina.com\/index.php?rest_route=%2Fwp%2Fv2%2Ftags&post=196"}],"curies":[{"name":"wp","href":"https:\/\/api.w.org\/{rel}","templated":true}]}}